{"id":379,"date":"2023-01-13T17:01:16","date_gmt":"2023-01-13T17:01:16","guid":{"rendered":"http:\/\/cercapcdro.org.gt\/?p=379"},"modified":"2023-01-13T17:01:16","modified_gmt":"2023-01-13T17:01:16","slug":"proyecto-sistemas-alimentarios-sostenibles","status":"publish","type":"post","link":"http:\/\/cercapcdro.org.gt\/?p=379","title":{"rendered":"PROYECTO: SISTEMAS ALIMENTARIOS SOSTENIBLES"},"content":{"rendered":"<p>INFORMACI\u00d3N DEL PROGRAMA:<\/p>\n<p>El proyecto se centrar\u00e1 en fomentar la gesti\u00f3n sostenible del paisaje invirtiendo en agricultura sostenible con innovaciones que ayuden a los agricultores a diversificar, proteger y conservar sus medios de vida, implementando acciones que mejoren los mecanismos de comercializaci\u00f3n fortaleciendo aspectos financieros de las familias y agricultores.<\/p>\n<p>LINEAS ESTRAT\u00c9GICAS:<\/p>\n<ol>\n<li>Acceso a mercados locales, nacionales e internacionales<\/li>\n<li>Incidencia departamental en programas y\/o pol\u00edticas para la gesti\u00f3n sostenible del paisaje<\/li>\n<\/ol>\n<p>&nbsp;<\/p>\n<p><strong>Contactos y comunicaci\u00f3n:<\/strong><\/p>\n<p>Mayor informaci\u00f3n, consulta, comunicaci\u00f3n y aportes para el presente proyecto puede contactar a las siguientes personas.<\/p>\n<p>T\u00e9cnico de campo del proyecto<\/p>\n<p>Mynor Chuc. Cel: 45723455<\/p>\n<p>proyectosas@cercapcdro.org.gt<\/p>\n<p>&nbsp;<\/p>\n<p>Directora de CERCAP<\/p>\n<p>Mar\u00eda Ram\u00edrez. Cel: 42961393<\/p>\n<p>direccion@cercapcdro.org.gt<\/p>\n<p>&nbsp;<\/p>\n<p><a href=\"http:\/\/cercapcdro.org.gt\/wp-content\/uploads\/2023\/01\/Trifoliar-proyecto-SAS.pdf\">Trifoliar proyecto SAS<\/a><\/p>\n","protected":false},"excerpt":{"rendered":"<p>INFORMACI\u00d3N DEL PROGRAMA: El proyecto se centrar\u00e1 en fomentar la gesti\u00f3n sostenible del paisaje invirtiendo en agricultura sostenible con innovaciones que ayuden a los agricultores a diversificar, proteger y conservar sus medios de vida, implementando acciones que mejoren los mecanismos de comercializaci\u00f3n fortaleciendo aspectos financieros de las familias y agricultores. LINEAS ESTRAT\u00c9GICAS: Acceso a mercados locales, nacionales e internacionales Incidencia departamental en programas y\/o pol\u00edticas para la gesti\u00f3n sostenible del paisaje &nbsp; Contactos y comunicaci\u00f3n: Mayor informaci\u00f3n, consulta, comunicaci\u00f3n y aportes para el presente proyecto puede contactar a las siguientes personas. T\u00e9cnico de campo del proyecto Mynor Chuc. Cel: 45723455&#8230; <\/p>\n","protected":false},"author":1,"featured_media":381,"comment_status":"open","ping_status":"open","sticky":false,"template":"","format":"standard","meta":{"footnotes":""},"categories":[1],"tags":[],"class_list":["post-379","post","type-post","status-publish","format-standard","has-post-thumbnail","hentry","category-sin-categoria"],"_links":{"self":[{"href":"http:\/\/cercapcdro.org.gt\/index.php?rest_route=\/wp\/v2\/posts\/379","targetHints":{"allow":["GET"]}}],"collection":[{"href":"http:\/\/cercapcdro.org.gt\/index.php?rest_route=\/wp\/v2\/posts"}],"about":[{"href":"http:\/\/cercapcdro.org.gt\/index.php?rest_route=\/wp\/v2\/types\/post"}],"author":[{"embeddable":true,"href":"http:\/\/cercapcdro.org.gt\/index.php?rest_route=\/wp\/v2\/users\/1"}],"replies":[{"embeddable":true,"href":"http:\/\/cercapcdro.org.gt\/index.php?rest_route=%2Fwp%2Fv2%2Fcomments&post=379"}],"version-history":[{"count":1,"href":"http:\/\/cercapcdro.org.gt\/index.php?rest_route=\/wp\/v2\/posts\/379\/revisions"}],"predecessor-version":[{"id":382,"href":"http:\/\/cercapcdro.org.gt\/index.php?rest_route=\/wp\/v2\/posts\/379\/revisions\/382"}],"wp:featuredmedia":[{"embeddable":true,"href":"http:\/\/cercapcdro.org.gt\/index.php?rest_route=\/wp\/v2\/media\/381"}],"wp:attachment":[{"href":"http:\/\/cercapcdro.org.gt\/index.php?rest_route=%2Fwp%2Fv2%2Fmedia&parent=379"}],"wp:term":[{"taxonomy":"category","embeddable":true,"href":"http:\/\/cercapcdro.org.gt\/index.php?rest_route=%2Fwp%2Fv2%2Fcategories&post=379"},{"taxonomy":"post_tag","embeddable":true,"href":"http:\/\/cercapcdro.org.gt\/index.php?rest_route=%2Fwp%2Fv2%2Ftags&post=379"}],"curies":[{"name":"wp","href":"https:\/\/api.w.org\/{rel}","templated":true}]}}